{"id":152333,"date":"2025-11-25T13:57:55","date_gmt":"2025-11-25T12:57:55","guid":{"rendered":"https:\/\/www.skovdebostader.se\/?p=152333"},"modified":"2025-11-26T11:49:05","modified_gmt":"2025-11-26T10:49:05","slug":"nytt-satt-att-betala-for-el-pa-plutonen-och-bataljonen","status":"publish","type":"post","link":"https:\/\/www.skovdebostader.se\/student\/nytt-satt-att-betala-for-el-pa-plutonen-och-bataljonen\/","title":{"rendered":"Nytt s\u00e4tt att betala f\u00f6r el p\u00e5 Plutonen och Bataljonen"},"content":{"rendered":"<p>Tidigare har avgiften f\u00f6r hush\u00e5llsel varit inkluderad i hyran och kostnaden har avgjorts av den m\u00e4ngd el som du och dina grannar f\u00f6rbrukat tillsammans.<\/p>\n<p>Det nya systemet med individuell m\u00e4tning g\u00f6r att du sj\u00e4lv kan <strong>p\u00e5verka din elkostnad<\/strong> i h\u00f6gre utstr\u00e4ckning, vilket \u00e4r mer r\u00e4ttvist. Det \u00e4r ocks\u00e5 <strong>bra f\u00f6r klimatet<\/strong>, d\u00e5 det blir tydligt f\u00f6r dig vad du anv\u00e4nt och d\u00e4rmed l\u00e4ttare att anv\u00e4nda mindre el.<\/p>\n<h2>S\u00e5 kommer hyresavierna att f\u00f6r\u00e4ndras<\/h2>\n<p>I december b\u00f6rjar du att betala en l\u00e4gre grundhyra \u2013 och s\u00e4nkningen motsvarar ungef\u00e4r en normalf\u00f6rbrukning i dagsl\u00e4get. S\u00e4nkningen per m\u00e5nad \u00e4r 200 kr f\u00f6r ett rum och k\u00f6k\/kokvr\u00e5, 300 kr f\u00f6r tv\u00e5 rum och k\u00f6k samt 400 kr f\u00f6r tre rum och k\u00f6k. Precis som innan betalar du hyran i f\u00f6rskott.<\/p>\n<p>Vi b\u00f6rjar att m\u00e4ta din elf\u00f6rbrukning i januari, och kostnaden syns p\u00e5 hyresavin m\u00e5naden d\u00e4rp\u00e5.<\/p>\n<p><strong>Din kostnad p\u00e5 hyresavin kommer d\u00e4rmed att f\u00f6r\u00e4ndras s\u00e5h\u00e4r:<\/strong><\/p>\n<p><strong>December:<\/strong> Du b\u00f6rjar att betala din nya grundhyra. <br \/>\n<strong>Januari:<\/strong> Grundhyra.<br \/>\n<strong>Februari och fram\u00e5t:<\/strong> Grundhyra + din elf\u00f6rbrukning fr\u00e5n den f\u00f6reg\u00e5ende m\u00e5naden.<\/p>\n<h2>\u00d6verenskommelse med bostadsr\u00e5det<\/h2>\n<p>I v\u00e5ras kom vi \u00f6verens med Sk\u00f6vdestudenternas bostadsr\u00e5d om att b\u00f6rja m\u00e4ta elen individuellt hos varje hyresg\u00e4st. Det nya systemet kallas IMD \u2013 individuell m\u00e4tning och debitering.<\/p>\n<p>F\u00f6r\u00e4ndringen ber\u00f6r alla hyresg\u00e4ster p\u00e5 Plutonen och Bataljonen, d\u00e4r vi ocks\u00e5 satt in nya elm\u00e4tare i varje bostad under sommaren och h\u00f6sten. Systemet som s\u00e5dant \u00e4r dock inte nytt, utan alla v\u00e5ra andra hyresg\u00e4ster betalar redan f\u00f6r sin faktiska elf\u00f6rbrukning.\u00a0<\/p>\n<p>Sk\u00f6vdebost\u00e4der levererar f\u00f6rnyelsebar el.<\/p>\n<h2>Vad inneb\u00e4r detta f\u00f6r mig?<\/h2>\n<ul>\n<li>Du kan sj\u00e4lv p\u00e5verka din elkostnad genom att f\u00f6rbruka mer eller mindre el.<\/li>\n<li>Det tillkommer en rad p\u00e5 hyresavin d\u00e4r du kan se din elf\u00f6rbrukning.<\/li>\n<li>Juni och juli \u00e4r m\u00e5nader som \u00e4r fria fr\u00e5n grundhyra i v\u00e5ra studentbost\u00e4der \u2013 men du kommer att betala elkostnaden \u00e4ven f\u00f6r dessa m\u00e5nader. Detta inneb\u00e4r att du f\u00e5r avier med endast elkostnad som ska betalas i maj och juni.<\/li>\n<li>N\u00e4r du flyttar fr\u00e5n oss kommer du att f\u00e5 avier med endast elkostnader. Detta beror p\u00e5 att du betalar elen i efterskott.<\/li>\n<\/ul>\n","protected":false},"excerpt":{"rendered":"<p>Fr\u00e5n och med \u00e5rsskiftet kommer vi att b\u00f6rja m\u00e4ta elf\u00f6rbrukningen i din l\u00e4genhet \u2013 och du betalar enbart f\u00f6r den el du sj\u00e4lv anv\u00e4nt<\/p>\n","protected":false},"author":8,"featured_media":152337,"comment_status":"closed","ping_status":"closed","sticky":false,"template":"","format":"standard","meta":{"_acf_changed":false,"_relevanssi_hide_post":"","_relevanssi_hide_content":"","_relevanssi_pin_for_all":"","_relevanssi_pin_keywords":"","_relevanssi_unpin_keywords":"","_relevanssi_related_keywords":"","_relevanssi_related_include_ids":"","_relevanssi_related_exclude_ids":"","_relevanssi_related_no_append":"","_relevanssi_related_not_related":"","_relevanssi_related_posts":"","_relevanssi_noindex_reason":"","footnotes":""},"categories":[436],"tags":[],"class_list":["post-152333","post","type-post","status-publish","format-standard","has-post-thumbnail","hentry","category-uncategorized-student"],"acf":[],"_links":{"self":[{"href":"https:\/\/www.skovdebostader.se\/student\/wp-json\/wp\/v2\/posts\/152333","targetHints":{"allow":["GET"]}}],"collection":[{"href":"https:\/\/www.skovdebostader.se\/student\/wp-json\/wp\/v2\/posts"}],"about":[{"href":"https:\/\/www.skovdebostader.se\/student\/wp-json\/wp\/v2\/types\/post"}],"author":[{"embeddable":true,"href":"https:\/\/www.skovdebostader.se\/student\/wp-json\/wp\/v2\/users\/8"}],"replies":[{"embeddable":true,"href":"https:\/\/www.skovdebostader.se\/student\/wp-json\/wp\/v2\/comments?post=152333"}],"version-history":[{"count":7,"href":"https:\/\/www.skovdebostader.se\/student\/wp-json\/wp\/v2\/posts\/152333\/revisions"}],"predecessor-version":[{"id":152379,"href":"https:\/\/www.skovdebostader.se\/student\/wp-json\/wp\/v2\/posts\/152333\/revisions\/152379"}],"wp:featuredmedia":[{"embeddable":true,"href":"https:\/\/www.skovdebostader.se\/student\/wp-json\/wp\/v2\/media\/152337"}],"wp:attachment":[{"href":"https:\/\/www.skovdebostader.se\/student\/wp-json\/wp\/v2\/media?parent=152333"}],"wp:term":[{"taxonomy":"category","embeddable":true,"href":"https:\/\/www.skovdebostader.se\/student\/wp-json\/wp\/v2\/categories?post=152333"},{"taxonomy":"post_tag","embeddable":true,"href":"https:\/\/www.skovdebostader.se\/student\/wp-json\/wp\/v2\/tags?post=152333"}],"curies":[{"name":"wp","href":"https:\/\/api.w.org\/{rel}","templated":true}]}}